{"id":1397,"date":"2024-12-17T09:57:56","date_gmt":"2024-12-17T08:57:56","guid":{"rendered":"https:\/\/www.forma-aktua.nl\/?p=1397"},"modified":"2025-02-04T13:04:26","modified_gmt":"2025-02-04T12:04:26","slug":"karwan-abdulla-arne-brink-aldrik-salverda","status":"publish","type":"post","link":"https:\/\/www.forma-aktua.nl\/index.php\/2024\/12\/17\/karwan-abdulla-arne-brink-aldrik-salverda\/","title":{"rendered":"Karwan Abdulla, Arne Brink, Aldrik Salverda"},"content":{"rendered":"<div id=\"pl-gb1397-69f26f04adeba\"  class=\"panel-layout\" ><div id=\"pg-gb1397-69f26f04adeba-0\"  class=\"panel-grid panel-no-style\" ><div id=\"pgc-gb1397-69f26f04adeba-0-0\"  class=\"panel-grid-cell\" ><div id=\"panel-gb1397-69f26f04adeba-0-0-0\" class=\"so-panel widget widget_sow-image panel-first-child panel-last-child\" data-index=\"0\" ><div\n\t\t\t\n\t\t\tclass=\"so-widget-sow-image so-widget-sow-image-default-8b5b6f678277-1397\"\n\t\t\t\n\t\t>\n<div class=\"sow-image-container\">\n\t\t<img \n\tsrc=\"https:\/\/www.forma-aktua.nl\/wp-content\/uploads\/2024\/12\/2024-12-12-Flyer-Dec.-2024.jpg\" width=\"582\" height=\"826\" srcset=\"https:\/\/www.forma-aktua.nl\/wp-content\/uploads\/2024\/12\/2024-12-12-Flyer-Dec.-2024.jpg 582w, https:\/\/www.forma-aktua.nl\/wp-content\/uploads\/2024\/12\/2024-12-12-Flyer-Dec.-2024-211x300.jpg 211w\" sizes=\"(max-width: 582px) 100vw, 582px\" title=\"2024-12-12 Flyer Dec. 2024\" alt=\"\" \t\tclass=\"so-widget-image\"\/>\n\t<\/div>\n\n<\/div><\/div><\/div><div id=\"pgc-gb1397-69f26f04adeba-0-1\"  class=\"panel-grid-cell\" ><div id=\"panel-gb1397-69f26f04adeba-0-1-0\" class=\"so-panel widget widget_sow-image panel-first-child panel-last-child\" data-index=\"1\" ><div\n\t\t\t\n\t\t\tclass=\"so-widget-sow-image so-widget-sow-image-default-8b5b6f678277-1397\"\n\t\t\t\n\t\t>\n<div class=\"sow-image-container\">\n\t\t<img \n\tsrc=\"https:\/\/www.forma-aktua.nl\/wp-content\/uploads\/2024\/12\/2024-12-12-Flyer-Dec.-20242.jpg\" width=\"582\" height=\"826\" srcset=\"https:\/\/www.forma-aktua.nl\/wp-content\/uploads\/2024\/12\/2024-12-12-Flyer-Dec.-20242.jpg 582w, https:\/\/www.forma-aktua.nl\/wp-content\/uploads\/2024\/12\/2024-12-12-Flyer-Dec.-20242-211x300.jpg 211w\" sizes=\"(max-width: 582px) 100vw, 582px\" title=\"2024-12-12 Flyer Dec. 20242\" alt=\"\" \t\tclass=\"so-widget-image\"\/>\n\t<\/div>\n\n<\/div><\/div><\/div><\/div><div id=\"pg-gb1397-69f26f04adeba-1\"  class=\"panel-grid panel-no-style\" ><div id=\"pgc-gb1397-69f26f04adeba-1-0\"  class=\"panel-grid-cell\" ><div id=\"panel-gb1397-69f26f04adeba-1-0-0\" class=\"so-panel widget widget_sow-editor panel-first-child panel-last-child\" data-index=\"2\" ><div\n\t\t\t\n\t\t\tclass=\"so-widget-sow-editor so-widget-sow-editor-base\"\n\t\t\t\n\t\t>\n<div class=\"siteorigin-widget-tinymce textwidget\">\n\t<p><strong>Karwan Abdulla <\/strong>(Sulaimanya, Koerdistan, 1968)<strong>: Ik beschouw mijn schilderijen als zelfportretten.<\/strong><\/p>\n<p>Karwan is naast zijn studie aan de HTS begonnen met schilderen en beeldhouwen. Door zijn politieke activiteiten kwam hij in 1985 in de gevangenis terecht, waarna hij in 1993 naar Nederland vluchtte. Daar kwam zijn creativiteit weer naar boven en kon hij zijn emoties uiten via kleuren. Met name de kleurcomposities inspireren hem tot het maken van experimenten in de vorm van beelden en schilderijen. Voor de abstracte beelden gebruikt hij diverse soorten verf en klei. Figuratief of abstract, impressief of expressief, het idee is het uitgangspunt en voor de uitvoering daarvan is elke stijl geoorloofd. Levend in een zap-cultuur werkt Karwan bewust in verschillende stijlen.<\/p>\n<p>\u2018Inhoudelijk word ik in mijn \u2018zoektocht\u2019 gedreven door mijn fascinatie voor tegenstellingen en de manier waarop deze elkaar be\u00efnvloeden. Met behoud van de tegenstelling probeer ik in \u00e9\u00e9n beeld eenheid en evenwicht te vinden. Steeds komt daarbij de tegenstelling \u2018chaos en orde\u2019 terug. Ik zie deze begrippen niet langer als onverenigbare uitersten, maar als twee \u2018krachten\u2019 die niet zonder elkaar kunnen. Chaos is geen gebrek aan orde, maar eenvoud die schuilgaat achter complexiteit.\u00a0 Een dynamisch proces dat gevoed door bewustzijn leidt tot ordening. Ik noem chaos \u2018ritme\u2019.<br \/>\nSinds enige tijd heb ik het idee dat tegenstellingen helemaal niet of nauwelijks bestaan. Mijn perceptie en referentiekader bepalen mijn waarneming en werkelijkheid. Ik beschouw daarom mijn schilderijen als zelfportretten\u2019.<\/p>\n<ul>\n<li>Karwan exposeert in Forma Aktua met zijn krachtig vormgegeven beelden.<\/li>\n<\/ul>\n<p><strong>\u00a0<\/strong><\/p>\n<p><strong>Arne Brink (Meppel,1991): <\/strong><strong>Ik nodig u uit anders te kijken en te ontdekken!<\/strong><\/p>\n<p>\u2018Als kunstenaar kijk ik om me heen en zie grote onderwerpen die spelen in de samenleving waar ik visueel mijn reactie op geef. Thema\u2019s die mij inspireren zijn klimaatverandering, biodiversiteit, innovatie en wetenschap. Met een contrasterende fascinatie voor de uitgestrekte kwetsbare natuur en zware techniek als auto`s, schepen en industrie. Contrasten kunnen ook verbinden en leiden tot nieuwe idee\u00ebn. Dat komt tot uiting bij mijn werken in galerie Forma Aktua. Mijn visie is minutieus uitgewerkt in tekeningen van groot formaat.<\/p>\n<p>Mijn missie is om jou, met mijn werken, nieuwe fundamentele manieren van denken te geven waarmee je kunt blijven associ\u00ebren. Werken die inspireren en impactvolle verhalen vertellen. Grote gebaren die aanmoedigen tot groots handelen. Een Arne Brink is niet alleen een kunstwerk aan de muur, maar ook een visie die uitdaagt tot fundamenteel anders kijken en denken\u2019.<\/p>\n<p>Gewapend met de Bic balpen en een stuk papier tovert Arne een oneindige, zowel futuristische als nostalgische wereld tot leven. De bezoeker wordt verleid de eigen realiteit in de tekeningen te verliezen. Puur door de beleving van het kijken.<\/p>\n<p>Naast vrij werk maakt hij ook werken in opdracht. Dat kunnen illustraties zijn maar ook animaties waarin illustraties een grote rol spelen.<\/p>\n<p>Arne Brink is afgestudeerd aan de Academie Minerva in Groningen als illustrator. Hij is gespecialiseerd in pentekeningen en gebruikt daarvoor niet de traditionele inktpen, maar zwarte Bic pennen. Soms gecombineerd met gekleurde fineliners. Zijn werk is herkenbaar aan de minutieuze aandacht voor details in vaak groot formaat tekeningen. In veel van zijn werken spelen metamorfoses een rol. Door langer te kijken vallen steeds meer details op.<\/p>\n<p>Hij exposeerde <a href=\"http:\/\/o.a.in\" data-saferedirecturl=\"https:\/\/www.google.com\/url?q=http:\/\/o.a.in&amp;source=gmail&amp;ust=1734509925599000&amp;usg=AOvVaw2r7jiMvSVg_61LMn7gjspU\">o.a. in<\/a> het Stedelijk Museum Meppel, Galerie Lucassen in Ommen en Boijmans van Beuningen in Rotterdam.<\/p>\n<p><strong>Aldrik Salverda (1952): Het is een avontuur, vaak weet ik niet waar ik uitkom!<\/strong><\/p>\n<p>\u2018Een werk maken is voor mij een manier om mijn hoofd vrij te maken, om beperkingen weg te nemen. Om mijn gevoelens, mijn gedachten te onthullen. Mijn inspiratie vind ik in landschappen om mij heen: de Veenkoloni\u00ebn, oude grotschilderingen en op reis. Met gutsen, vijlen, raspen tast ik het oppervlak van de drager aan. Ik maak lijnen, structuren, vlakken, die ik in transparante lagen over elkaar teken, schilder of druk. Naast tekeningen maak ik litho\u2019s, zeefdrukken, carborundumdruk, houtdrukken, schilderijen en installaties\u2019.<\/p>\n<p>In 2020 vierde Aldrik zijn 35-jarig jubileum als drukker voor Collega-Kunstenaars met exposities in Friesland, Drenthe en Groningen.<\/p>\n<p>Aldrik Salverda is een veelzijdig kunstenaar die woont en werkt in Kiel Windeweer (Groningen). Hij is opgeleid aan de Vrije Academie in Den Haag en ABK Minerva (schilderkunst, grafiek) en exposeerde in Zweden, Duitsland, Nederland, Spanje, Frankrijk, Engeland, Isra\u00ebl en VS.<\/p>\n<p>Aldrik is de vaste drukker van de jaarlijkse Kopperprent van Galerie Forma Aktua, en heeft deze voor 2025 ook ontworpen.<\/p>\n<p><strong>Info Expositie:<\/strong><\/p>\n<ul>\n<li>Periode\u00a0\u00a0\u00a0\u00a0\u00a0\u00a0\u00a0\u00a0\u00a0\u00a0\u00a0\u00a0\u00a0\u00a0\u00a0\u00a0\u00a0\u00a0\u00a0\u00a0\u00a0\u00a0\u00a0\u00a0\u00a0\u00a0\u00a0\u00a0 18-12-2024 tot en met 19-01-2025<\/li>\n<li>Opening expositie\u00a0 \u00a0\u00a0\u00a0\u00a0\u00a0\u00a0\u00a0\u00a0\u00a0\u00a0 Zo. 22-12-2024 om 16.00 uur<\/li>\n<li>Ontmoet de exposanten\u00a0\u00a0 Zo. 05-01-2025 van 14.00 tot 16.00 uur<\/li>\n<li>Uitreiking Kopperprent\u00a0\u00a0\u00a0\u00a0\u00a0 Ma. 13-01-2025 om 19.30 uur<\/li>\n<\/ul>\n<p>Foto&#8217;s van de opening zijn enige tijd <a href=\"https:\/\/mega.nz\/folder\/x3lk1AaZ#g2i7vz-Z5Gq5j1V6-cLJSg\" target=\"_blank\" rel=\"noopener\">hier<\/a> te zien<\/p>\n<\/div>\n<\/div><\/div><\/div><\/div><div id=\"pg-gb1397-69f26f04adeba-2\"  class=\"panel-grid panel-no-style\" ><div id=\"pgc-gb1397-69f26f04adeba-2-0\"  class=\"panel-grid-cell\" ><div id=\"panel-gb1397-69f26f04adeba-2-0-0\" class=\"so-panel widget widget_media_video panel-first-child panel-last-child\" data-index=\"3\" ><h3 class=\"widget-title\">Arne Brink<\/h3><div style=\"width:100%;\" class=\"wp-video\"><video class=\"wp-video-shortcode\" id=\"video-1397-1\" preload=\"metadata\" controls=\"controls\"><source type=\"video\/youtube\" src=\"https:\/\/youtu.be\/_PcYG7rhHs4?_=1\" \/><a href=\"https:\/\/youtu.be\/_PcYG7rhHs4\">https:\/\/youtu.be\/_PcYG7rhHs4<\/a><\/video><\/div><\/div><\/div><div id=\"pgc-gb1397-69f26f04adeba-2-1\"  class=\"panel-grid-cell\" ><div id=\"panel-gb1397-69f26f04adeba-2-1-0\" class=\"so-panel widget widget_media_video panel-first-child panel-last-child\" data-index=\"4\" ><h3 class=\"widget-title\">Karwan Abdulla<\/h3><div style=\"width:100%;\" class=\"wp-video\"><video class=\"wp-video-shortcode\" id=\"video-1397-2\" preload=\"metadata\" controls=\"controls\"><source type=\"video\/youtube\" src=\"https:\/\/youtu.be\/GnDcPyylhNY?_=2\" \/><a href=\"https:\/\/youtu.be\/GnDcPyylhNY\">https:\/\/youtu.be\/GnDcPyylhNY<\/a><\/video><\/div><\/div><\/div><div id=\"pgc-gb1397-69f26f04adeba-2-2\"  class=\"panel-grid-cell\" ><div id=\"panel-gb1397-69f26f04adeba-2-2-0\" class=\"so-panel widget widget_media_video panel-first-child panel-last-child\" data-index=\"5\" ><h3 class=\"widget-title\">Aldrik Salverda<\/h3><div style=\"width:100%;\" class=\"wp-video\"><video class=\"wp-video-shortcode\" id=\"video-1397-3\" preload=\"metadata\" controls=\"controls\"><source type=\"video\/youtube\" src=\"https:\/\/youtu.be\/nNKNpOKZMSY?_=3\" \/><a href=\"https:\/\/youtu.be\/nNKNpOKZMSY\">https:\/\/youtu.be\/nNKNpOKZMSY<\/a><\/video><\/div><\/div><\/div><\/div><\/div>","protected":false},"excerpt":{"rendered":"<p>Karwan Abdulla (Sulaimanya, Koerdistan, 1968): Ik beschouw mijn schilderijen als zelfportretten. Karwan is naast zijn studie aan de HTS begonnen met schilderen en beeldhouwen. Door zijn politieke activiteiten kwam hij in 1985 in de gevangenis terecht, waarna hij in 1993 naar Nederland vluchtte. Daar kwam zijn creativiteit weer naar boven en kon hij zijn emoties [&hellip;]<\/p>\n","protected":false},"author":2,"featured_media":0,"comment_status":"closed","ping_status":"open","sticky":false,"template":"","format":"standard","meta":{"iawp_total_views":131,"footnotes":""},"categories":[1],"tags":[],"class_list":["post-1397","post","type-post","status-publish","format-standard","hentry","category-niet-gecategoriseerd"],"yoast_head":"<!-- This site is optimized with the Yoast SEO plugin v27.5 - https:\/\/yoast.com\/product\/yoast-seo-wordpress\/ -->\n<title>Karwan Abdulla, Arne Brink, Aldrik Salverda -<\/title>\n<meta name=\"robots\" content=\"index, follow, max-snippet:-1, max-image-preview:large, max-video-preview:-1\" \/>\n<link rel=\"canonical\" href=\"https:\/\/www.forma-aktua.nl\/index.php\/2024\/12\/17\/karwan-abdulla-arne-brink-aldrik-salverda\/\" \/>\n<meta property=\"og:locale\" content=\"nl_NL\" \/>\n<meta property=\"og:type\" content=\"article\" \/>\n<meta property=\"og:title\" content=\"Karwan Abdulla, Arne Brink, Aldrik Salverda -\" \/>\n<meta property=\"og:description\" content=\"Karwan Abdulla (Sulaimanya, Koerdistan, 1968): Ik beschouw mijn schilderijen als zelfportretten. Karwan is naast zijn studie aan de HTS begonnen met schilderen en beeldhouwen. Door zijn politieke activiteiten kwam hij in 1985 in de gevangenis terecht, waarna hij in 1993 naar Nederland vluchtte. Daar kwam zijn creativiteit weer naar boven en kon hij zijn emoties [&hellip;]\" \/>\n<meta property=\"og:url\" content=\"https:\/\/www.forma-aktua.nl\/index.php\/2024\/12\/17\/karwan-abdulla-arne-brink-aldrik-salverda\/\" \/>\n<meta property=\"article:publisher\" content=\"https:\/\/www.facebook.com\/GalerieFormaAktua\/\" \/>\n<meta property=\"article:published_time\" content=\"2024-12-17T08:57:56+00:00\" \/>\n<meta property=\"article:modified_time\" content=\"2025-02-04T12:04:26+00:00\" \/>\n<meta name=\"author\" content=\"Dirk Jetten\" \/>\n<meta name=\"twitter:card\" content=\"summary_large_image\" \/>\n<meta name=\"twitter:label1\" content=\"Geschreven door\" \/>\n\t<meta name=\"twitter:data1\" content=\"Dirk Jetten\" \/>\n\t<meta name=\"twitter:label2\" content=\"Geschatte leestijd\" \/>\n\t<meta name=\"twitter:data2\" content=\"5 minuten\" \/>\n<script type=\"application\/ld+json\" class=\"yoast-schema-graph\">{\"@context\":\"https:\\\/\\\/schema.org\",\"@graph\":[{\"@type\":\"Article\",\"@id\":\"https:\\\/\\\/www.forma-aktua.nl\\\/index.php\\\/2024\\\/12\\\/17\\\/karwan-abdulla-arne-brink-aldrik-salverda\\\/#article\",\"isPartOf\":{\"@id\":\"https:\\\/\\\/www.forma-aktua.nl\\\/index.php\\\/2024\\\/12\\\/17\\\/karwan-abdulla-arne-brink-aldrik-salverda\\\/\"},\"author\":{\"name\":\"Dirk Jetten\",\"@id\":\"https:\\\/\\\/www.forma-aktua.nl\\\/#\\\/schema\\\/person\\\/f9379ba069f3079c1f7fb092c19be59f\"},\"headline\":\"Karwan Abdulla, Arne Brink, Aldrik Salverda\",\"datePublished\":\"2024-12-17T08:57:56+00:00\",\"dateModified\":\"2025-02-04T12:04:26+00:00\",\"mainEntityOfPage\":{\"@id\":\"https:\\\/\\\/www.forma-aktua.nl\\\/index.php\\\/2024\\\/12\\\/17\\\/karwan-abdulla-arne-brink-aldrik-salverda\\\/\"},\"wordCount\":6,\"inLanguage\":\"nl-NL\"},{\"@type\":\"WebPage\",\"@id\":\"https:\\\/\\\/www.forma-aktua.nl\\\/index.php\\\/2024\\\/12\\\/17\\\/karwan-abdulla-arne-brink-aldrik-salverda\\\/\",\"url\":\"https:\\\/\\\/www.forma-aktua.nl\\\/index.php\\\/2024\\\/12\\\/17\\\/karwan-abdulla-arne-brink-aldrik-salverda\\\/\",\"name\":\"Karwan Abdulla, Arne Brink, Aldrik Salverda -\",\"isPartOf\":{\"@id\":\"https:\\\/\\\/www.forma-aktua.nl\\\/#website\"},\"datePublished\":\"2024-12-17T08:57:56+00:00\",\"dateModified\":\"2025-02-04T12:04:26+00:00\",\"author\":{\"@id\":\"https:\\\/\\\/www.forma-aktua.nl\\\/#\\\/schema\\\/person\\\/f9379ba069f3079c1f7fb092c19be59f\"},\"breadcrumb\":{\"@id\":\"https:\\\/\\\/www.forma-aktua.nl\\\/index.php\\\/2024\\\/12\\\/17\\\/karwan-abdulla-arne-brink-aldrik-salverda\\\/#breadcrumb\"},\"inLanguage\":\"nl-NL\",\"potentialAction\":[{\"@type\":\"ReadAction\",\"target\":[\"https:\\\/\\\/www.forma-aktua.nl\\\/index.php\\\/2024\\\/12\\\/17\\\/karwan-abdulla-arne-brink-aldrik-salverda\\\/\"]}]},{\"@type\":\"BreadcrumbList\",\"@id\":\"https:\\\/\\\/www.forma-aktua.nl\\\/index.php\\\/2024\\\/12\\\/17\\\/karwan-abdulla-arne-brink-aldrik-salverda\\\/#breadcrumb\",\"itemListElement\":[{\"@type\":\"ListItem\",\"position\":1,\"name\":\"Home\",\"item\":\"https:\\\/\\\/www.forma-aktua.nl\\\/\"},{\"@type\":\"ListItem\",\"position\":2,\"name\":\"Karwan Abdulla, Arne Brink, Aldrik Salverda\"}]},{\"@type\":\"WebSite\",\"@id\":\"https:\\\/\\\/www.forma-aktua.nl\\\/#website\",\"url\":\"https:\\\/\\\/www.forma-aktua.nl\\\/\",\"name\":\"\",\"description\":\"\",\"potentialAction\":[{\"@type\":\"SearchAction\",\"target\":{\"@type\":\"EntryPoint\",\"urlTemplate\":\"https:\\\/\\\/www.forma-aktua.nl\\\/?s={search_term_string}\"},\"query-input\":{\"@type\":\"PropertyValueSpecification\",\"valueRequired\":true,\"valueName\":\"search_term_string\"}}],\"inLanguage\":\"nl-NL\"},{\"@type\":\"Person\",\"@id\":\"https:\\\/\\\/www.forma-aktua.nl\\\/#\\\/schema\\\/person\\\/f9379ba069f3079c1f7fb092c19be59f\",\"name\":\"Dirk Jetten\",\"image\":{\"@type\":\"ImageObject\",\"inLanguage\":\"nl-NL\",\"@id\":\"https:\\\/\\\/secure.gravatar.com\\\/avatar\\\/04ed693d5440b287260e04c6bc475a66f6c2dcabf4ff9123b8f47aa77b1d36c1?s=96&d=mm&r=g\",\"url\":\"https:\\\/\\\/secure.gravatar.com\\\/avatar\\\/04ed693d5440b287260e04c6bc475a66f6c2dcabf4ff9123b8f47aa77b1d36c1?s=96&d=mm&r=g\",\"contentUrl\":\"https:\\\/\\\/secure.gravatar.com\\\/avatar\\\/04ed693d5440b287260e04c6bc475a66f6c2dcabf4ff9123b8f47aa77b1d36c1?s=96&d=mm&r=g\",\"caption\":\"Dirk Jetten\"},\"sameAs\":[\"https:\\\/\\\/www.forma-aktua.nl\\\/\"],\"url\":\"https:\\\/\\\/www.forma-aktua.nl\\\/index.php\\\/author\\\/dirk\\\/\"}]}<\/script>\n<!-- \/ Yoast SEO plugin. -->","yoast_head_json":{"title":"Karwan Abdulla, Arne Brink, Aldrik Salverda -","robots":{"index":"index","follow":"follow","max-snippet":"max-snippet:-1","max-image-preview":"max-image-preview:large","max-video-preview":"max-video-preview:-1"},"canonical":"https:\/\/www.forma-aktua.nl\/index.php\/2024\/12\/17\/karwan-abdulla-arne-brink-aldrik-salverda\/","og_locale":"nl_NL","og_type":"article","og_title":"Karwan Abdulla, Arne Brink, Aldrik Salverda -","og_description":"Karwan Abdulla (Sulaimanya, Koerdistan, 1968): Ik beschouw mijn schilderijen als zelfportretten. Karwan is naast zijn studie aan de HTS begonnen met schilderen en beeldhouwen. Door zijn politieke activiteiten kwam hij in 1985 in de gevangenis terecht, waarna hij in 1993 naar Nederland vluchtte. Daar kwam zijn creativiteit weer naar boven en kon hij zijn emoties [&hellip;]","og_url":"https:\/\/www.forma-aktua.nl\/index.php\/2024\/12\/17\/karwan-abdulla-arne-brink-aldrik-salverda\/","article_publisher":"https:\/\/www.facebook.com\/GalerieFormaAktua\/","article_published_time":"2024-12-17T08:57:56+00:00","article_modified_time":"2025-02-04T12:04:26+00:00","author":"Dirk Jetten","twitter_card":"summary_large_image","twitter_misc":{"Geschreven door":"Dirk Jetten","Geschatte leestijd":"5 minuten"},"schema":{"@context":"https:\/\/schema.org","@graph":[{"@type":"Article","@id":"https:\/\/www.forma-aktua.nl\/index.php\/2024\/12\/17\/karwan-abdulla-arne-brink-aldrik-salverda\/#article","isPartOf":{"@id":"https:\/\/www.forma-aktua.nl\/index.php\/2024\/12\/17\/karwan-abdulla-arne-brink-aldrik-salverda\/"},"author":{"name":"Dirk Jetten","@id":"https:\/\/www.forma-aktua.nl\/#\/schema\/person\/f9379ba069f3079c1f7fb092c19be59f"},"headline":"Karwan Abdulla, Arne Brink, Aldrik Salverda","datePublished":"2024-12-17T08:57:56+00:00","dateModified":"2025-02-04T12:04:26+00:00","mainEntityOfPage":{"@id":"https:\/\/www.forma-aktua.nl\/index.php\/2024\/12\/17\/karwan-abdulla-arne-brink-aldrik-salverda\/"},"wordCount":6,"inLanguage":"nl-NL"},{"@type":"WebPage","@id":"https:\/\/www.forma-aktua.nl\/index.php\/2024\/12\/17\/karwan-abdulla-arne-brink-aldrik-salverda\/","url":"https:\/\/www.forma-aktua.nl\/index.php\/2024\/12\/17\/karwan-abdulla-arne-brink-aldrik-salverda\/","name":"Karwan Abdulla, Arne Brink, Aldrik Salverda -","isPartOf":{"@id":"https:\/\/www.forma-aktua.nl\/#website"},"datePublished":"2024-12-17T08:57:56+00:00","dateModified":"2025-02-04T12:04:26+00:00","author":{"@id":"https:\/\/www.forma-aktua.nl\/#\/schema\/person\/f9379ba069f3079c1f7fb092c19be59f"},"breadcrumb":{"@id":"https:\/\/www.forma-aktua.nl\/index.php\/2024\/12\/17\/karwan-abdulla-arne-brink-aldrik-salverda\/#breadcrumb"},"inLanguage":"nl-NL","potentialAction":[{"@type":"ReadAction","target":["https:\/\/www.forma-aktua.nl\/index.php\/2024\/12\/17\/karwan-abdulla-arne-brink-aldrik-salverda\/"]}]},{"@type":"BreadcrumbList","@id":"https:\/\/www.forma-aktua.nl\/index.php\/2024\/12\/17\/karwan-abdulla-arne-brink-aldrik-salverda\/#breadcrumb","itemListElement":[{"@type":"ListItem","position":1,"name":"Home","item":"https:\/\/www.forma-aktua.nl\/"},{"@type":"ListItem","position":2,"name":"Karwan Abdulla, Arne Brink, Aldrik Salverda"}]},{"@type":"WebSite","@id":"https:\/\/www.forma-aktua.nl\/#website","url":"https:\/\/www.forma-aktua.nl\/","name":"","description":"","potentialAction":[{"@type":"SearchAction","target":{"@type":"EntryPoint","urlTemplate":"https:\/\/www.forma-aktua.nl\/?s={search_term_string}"},"query-input":{"@type":"PropertyValueSpecification","valueRequired":true,"valueName":"search_term_string"}}],"inLanguage":"nl-NL"},{"@type":"Person","@id":"https:\/\/www.forma-aktua.nl\/#\/schema\/person\/f9379ba069f3079c1f7fb092c19be59f","name":"Dirk Jetten","image":{"@type":"ImageObject","inLanguage":"nl-NL","@id":"https:\/\/secure.gravatar.com\/avatar\/04ed693d5440b287260e04c6bc475a66f6c2dcabf4ff9123b8f47aa77b1d36c1?s=96&d=mm&r=g","url":"https:\/\/secure.gravatar.com\/avatar\/04ed693d5440b287260e04c6bc475a66f6c2dcabf4ff9123b8f47aa77b1d36c1?s=96&d=mm&r=g","contentUrl":"https:\/\/secure.gravatar.com\/avatar\/04ed693d5440b287260e04c6bc475a66f6c2dcabf4ff9123b8f47aa77b1d36c1?s=96&d=mm&r=g","caption":"Dirk Jetten"},"sameAs":["https:\/\/www.forma-aktua.nl\/"],"url":"https:\/\/www.forma-aktua.nl\/index.php\/author\/dirk\/"}]}},"_links":{"self":[{"href":"https:\/\/www.forma-aktua.nl\/index.php\/wp-json\/wp\/v2\/posts\/1397","targetHints":{"allow":["GET"]}}],"collection":[{"href":"https:\/\/www.forma-aktua.nl\/index.php\/wp-json\/wp\/v2\/posts"}],"about":[{"href":"https:\/\/www.forma-aktua.nl\/index.php\/wp-json\/wp\/v2\/types\/post"}],"author":[{"embeddable":true,"href":"https:\/\/www.forma-aktua.nl\/index.php\/wp-json\/wp\/v2\/users\/2"}],"replies":[{"embeddable":true,"href":"https:\/\/www.forma-aktua.nl\/index.php\/wp-json\/wp\/v2\/comments?post=1397"}],"version-history":[{"count":5,"href":"https:\/\/www.forma-aktua.nl\/index.php\/wp-json\/wp\/v2\/posts\/1397\/revisions"}],"predecessor-version":[{"id":1518,"href":"https:\/\/www.forma-aktua.nl\/index.php\/wp-json\/wp\/v2\/posts\/1397\/revisions\/1518"}],"wp:attachment":[{"href":"https:\/\/www.forma-aktua.nl\/index.php\/wp-json\/wp\/v2\/media?parent=1397"}],"wp:term":[{"taxonomy":"category","embeddable":true,"href":"https:\/\/www.forma-aktua.nl\/index.php\/wp-json\/wp\/v2\/categories?post=1397"},{"taxonomy":"post_tag","embeddable":true,"href":"https:\/\/www.forma-aktua.nl\/index.php\/wp-json\/wp\/v2\/tags?post=1397"}],"curies":[{"name":"wp","href":"https:\/\/api.w.org\/{rel}","templated":true}]}}